{"id":1430,"date":"2023-06-11T12:56:50","date_gmt":"2023-06-11T10:56:50","guid":{"rendered":"https:\/\/chummulti.ch\/?p=1430"},"modified":"2026-03-05T14:21:54","modified_gmt":"2026-03-05T13:21:54","slug":"soemmerung-auf-der-bettmeralp","status":"publish","type":"post","link":"https:\/\/chummulti.ch\/gb\/2023\/06\/11\/soemmerung-auf-der-bettmeralp\/","title":{"rendered":"S\u00f6mmerung auf der Bettmeralp"},"content":{"rendered":"\n<p>Nach dem heissen Sommer 2022 in und um Betten, verlagern wir uns ab Juni 2023 auf die Bettmeralp. Die 900 H\u00f6henmeter bringen genau die Abk\u00fchlung welche wir f\u00fcr die Trekkings ben\u00f6tigen.<\/p>\n\n\n\n<figure class=\"wp-block-image size-large\"><img loading=\"lazy\" decoding=\"async\" width=\"4032\" height=\"3024\" src=\"https:\/\/chummulti.ch\/wp-content\/uploads\/IMG_6807-4032x3024.jpg\" alt=\"\" class=\"wp-image-1431\" srcset=\"https:\/\/chummulti.ch\/wp-content\/uploads\/IMG_6807-4032x3024.jpg 4032w, https:\/\/chummulti.ch\/wp-content\/uploads\/IMG_6807-1024x768.jpg 1024w, https:\/\/chummulti.ch\/wp-content\/uploads\/IMG_6807-768x576.jpg 768w, https:\/\/chummulti.ch\/wp-content\/uploads\/IMG_6807-1536x1152.jpg 1536w, https:\/\/chummulti.ch\/wp-content\/uploads\/IMG_6807-2048x1536.jpg 2048w\" sizes=\"auto, (max-width: 4032px) 100vw, 4032px\" \/><figcaption class=\"wp-element-caption\">Schalbinna<\/figcaption><\/figure>\n\n\n\n<h2 class=\"wp-block-heading\">Alpaufzug am 17.06.2023<\/h2>\n\n\n\n<p>Am 17.06.2023 treffen wir uns um 07:30 beim Konsum in Betten, sammeln anschliessend die Geissen ein und marschieren los Richtung &#8220;Schalbbinna&#8221;. Oben angekommen geniessen wir ein mitgebrachtes Pichnick (Grill vorhanden). <\/p>\n\n\n\n<h2 class=\"wp-block-heading\">Trekkingprogramm ab Schalbbinna<\/h2>\n\n\n\n<p>Die Weide auf der Alp erm\u00f6glicht uns ganz neue Ausfl\u00fcge mit den Geissen. Ob durch den Wald in Richtung Fiescheralp, hoch \u00fcber dem Aletsch-Gletscher Richtung Riederfurka, Hochalpin zum M\u00e4rjelensee, und <a href=\"https:\/\/chummulti.ch\/trekking\/\" data-type=\"page\" data-id=\"194\">viele weitere Routen<\/a> stehen ab diesem Startort zur Verf\u00fcgung.<br>Die Touren sprechen wir jeweils gemeinsam ab und passen diese eurem K\u00f6nnen und Gusto an.<\/p>\n\n\n\n<p>Die Schalbbin\u00e4 l\u00e4dt aber auch einfach zum verweilen, singen, sinnieren, meditieren oder sogar zum \u00fcbernachten ein.<\/p>\n\n\n\n<figure class=\"wp-block-image size-large\"><img loading=\"lazy\" decoding=\"async\" width=\"4032\" height=\"2195\" src=\"https:\/\/chummulti.ch\/wp-content\/uploads\/IMG_6809-4032x2195.jpg\" alt=\"\" class=\"wp-image-1432\" srcset=\"https:\/\/chummulti.ch\/wp-content\/uploads\/IMG_6809-4032x2195.jpg 4032w, https:\/\/chummulti.ch\/wp-content\/uploads\/IMG_6809-1024x557.jpg 1024w, https:\/\/chummulti.ch\/wp-content\/uploads\/IMG_6809-768x418.jpg 768w, https:\/\/chummulti.ch\/wp-content\/uploads\/IMG_6809-1536x836.jpg 1536w, https:\/\/chummulti.ch\/wp-content\/uploads\/IMG_6809-2048x1115.jpg 2048w\" sizes=\"auto, (max-width: 4032px) 100vw, 4032px\" \/><figcaption class=\"wp-element-caption\">Links der Stall &#8211; rechts das H\u00fchnerhaus mit Dachzimmer<\/figcaption><\/figure>\n\n\n\n<p><\/p>\n","protected":false},"excerpt":{"rendered":"<p>Nach dem heissen Sommer 2022 in und um Betten, verlagern wir uns ab Juni 2023 auf die Bettmeralp. Die 900 H\u00f6henmeter bringen genau die Abk\u00fchlung welche wir f\u00fcr die Trekkings ben\u00f6tigen. Alpaufzug am 17.06.2023 Am 17.06.2023 treffen wir uns um 07:30 beim Konsum in Betten, sammeln anschliessend die Geissen ein [&hellip;]<\/p>\n","protected":false},"author":1,"featured_media":0,"comment_status":"closed","ping_status":"open","sticky":false,"template":"","format":"standard","meta":{"_bbp_topic_count":0,"_bbp_reply_count":0,"_bbp_total_topic_count":0,"_bbp_total_reply_count":0,"_bbp_voice_count":0,"_bbp_anonymous_reply_count":0,"_bbp_topic_count_hidden":0,"_bbp_reply_count_hidden":0,"_bbp_forum_subforum_count":0,"ngg_post_thumbnail":0,"_themeisle_gutenberg_block_has_review":false,"footnotes":""},"categories":[3,39,10],"tags":[],"class_list":["post-1430","post","type-post","status-publish","format-standard","hentry","category-geissen","category-schalbbina","category-geissen-trekking"],"translation":{"provider":"WPGlobus","version":"3.0.2","language":"gb","enabled_languages":["de","gb"],"languages":{"de":{"title":true,"content":true,"excerpt":false},"gb":{"title":false,"content":false,"excerpt":false}}},"_links":{"self":[{"href":"https:\/\/chummulti.ch\/gb\/wp-json\/wp\/v2\/posts\/1430","targetHints":{"allow":["GET"]}}],"collection":[{"href":"https:\/\/chummulti.ch\/gb\/wp-json\/wp\/v2\/posts"}],"about":[{"href":"https:\/\/chummulti.ch\/gb\/wp-json\/wp\/v2\/types\/post"}],"author":[{"embeddable":true,"href":"https:\/\/chummulti.ch\/gb\/wp-json\/wp\/v2\/users\/1"}],"replies":[{"embeddable":true,"href":"https:\/\/chummulti.ch\/gb\/wp-json\/wp\/v2\/comments?post=1430"}],"version-history":[{"count":2,"href":"https:\/\/chummulti.ch\/gb\/wp-json\/wp\/v2\/posts\/1430\/revisions"}],"predecessor-version":[{"id":1678,"href":"https:\/\/chummulti.ch\/gb\/wp-json\/wp\/v2\/posts\/1430\/revisions\/1678"}],"wp:attachment":[{"href":"https:\/\/chummulti.ch\/gb\/wp-json\/wp\/v2\/media?parent=1430"}],"wp:term":[{"taxonomy":"category","embeddable":true,"href":"https:\/\/chummulti.ch\/gb\/wp-json\/wp\/v2\/categories?post=1430"},{"taxonomy":"post_tag","embeddable":true,"href":"https:\/\/chummulti.ch\/gb\/wp-json\/wp\/v2\/tags?post=1430"}],"curies":[{"name":"wp","href":"https:\/\/api.w.org\/{rel}","templated":true}]}}